{"id":941,"date":"2026-03-05T17:17:15","date_gmt":"2026-03-05T20:17:15","guid":{"rendered":"https:\/\/chiguayante.cl\/Chgte\/?p=941"},"modified":"2026-03-10T17:19:03","modified_gmt":"2026-03-10T20:19:03","slug":"ampliacion-de-costanera-avanza-con-asfaltado-y-alcalde-de-chiguayante-solicita-adelantar-trabajos","status":"publish","type":"post","link":"https:\/\/chiguayante.cl\/Chgte\/?p=941","title":{"rendered":"Ampliaci\u00f3n de Costanera avanza con asfaltado y alcalde de Chiguayante solicita adelantar trabajos"},"content":{"rendered":"\n<p>Un importante avance en una obra que no s\u00f3lo mejorar\u00e1 los tiempos de traslados, al poner fin a la reversibilidad, sino que tambi\u00e9n se integra al paisaje urbano con luminarias, miradores y una ciclov\u00eda que conectar\u00e1 a Chiguayante en toda su extensi\u00f3n.<br><br>Se trata la ampliaci\u00f3n de la Costanera en el tramo Binimellis y 8 Oriente, que lleva cerca de un 50% de avance y que fue visitada por el alcalde, Jorge Lozano; el delegado Presidencial Regional, Eduardo Pachecho, y el seremi de Obras P\u00fablicas, Hugo Cautivo, en momentos en que se inici\u00f3 el asfaltado de la ruta, con el que toma forma el camino que se anexar\u00e1 a la doble v\u00eda existente.<br>Tanto las autoridades regionales, como locales, valoraron el estado de las obras, as\u00ed como el impacto en la calidad de vida de miles de familias que transitan por esta importante arteria que une diferentes comunas y localidades del Gran Concepci\u00f3n.<br><br>En ese contexto, el alcalde de Chiguayante reconoci\u00f3 la buena gesti\u00f3n de los trabajos por parte de la empresa y del Ministerio de Obras P\u00fablicas, pero solicit\u00f3 redoblar esfuerzos para adelantar la entrega de la ciclov\u00eda, considerando el importante uso que se le da y que se acerca la temporada oto\u00f1o \u2013 invierno.<br>\u201cOjal\u00e1 la ciclov\u00eda se pueda entregar antes que termine el proyecto. Creemos que es posible redoblar esfuerzos en esta etapa que es muy importante, porque viene un periodo de lluvia. Los chiguayantinos y chiguayantinas deseamos que la Costanera se pueda entregar lo m\u00e1s pronto posible\u201d, dijo el alcalde, Jorge Lozano.<br><br>En relaci\u00f3n a los plazos, el seremi de Obras P\u00fablicas, Hugo Cautivo, manifest\u00f3 su concordancia con la autoridad comunal, al indicar que lo proyectado es dar celeridad a los trabajos.<br>\u201cEsperamos que esta obra, por contrato, termine en agosto. Estamos acelerando una serie de procesos y etapas que se han ejecutado para que, precisamente, se entregue lo m\u00e1s pronto posible a operaciones, a inicios del segundo semestre de este a\u00f1o. Esperamos, la pr\u00f3xima semana, que tengamos un avance cercano al 55%\u201d, dijo el seremi Cautivo.<br><br>Por su parte, el delegado Presidencial Regional, Eduardo Pachecho, reiter\u00f3 la importancia de esta ampliaci\u00f3n en la conectividad, recuperaci\u00f3n de espacios y seguridad.<br><br>\u201cSabemos que hay un flujo importante de personas que circula por esta ruta, entonces las caracter\u00edsticas que va a tener de doble v\u00eda permitir\u00e1n, obviamente, un mejor desplazamiento, menos congesti\u00f3n vehicular y otras obras asociadas, como la ciclov\u00eda que va a estar terminada. A ello se suman obras de iluminaci\u00f3n hacia el r\u00edo Biob\u00edo y se agrega iluminaci\u00f3n en el bandej\u00f3n central, lo que mejorar\u00e1 la seguridad\u201d, detall\u00f3 la m\u00e1xima autoridad regional.<br><br>En la visita inspectiva a la ampliaci\u00f3n de la Costanera participaron los concejales Juan Carlos Villal\u00f3n, Dangelo Gacit\u00faa, Mayerlin Su\u00e1rez y Sandra Gonz\u00e1lez, quienes se interiorizaron de una de las obras de conectividad m\u00e1s importantes, no s\u00f3lo para Chiguayante, sino para el Gran Concepci\u00f3n y su infraestructura vial<\/p>\n","protected":false},"excerpt":{"rendered":"<p>Un importante avance en una obra que no s\u00f3lo mejorar\u00e1 los tiempos de traslados, al poner fin a la reversibilidad, sino que tambi\u00e9n se integra al paisaje urbano con luminarias, miradores y una ciclov\u00eda que conectar\u00e1 a Chiguayante en toda su extensi\u00f3n. Se trata la ampliaci\u00f3n de la Costanera en el tramo Binimellis y 8&#8230;<\/p>\n","protected":false},"author":1,"featured_media":942,"comment_status":"closed","ping_status":"closed","sticky":false,"template":"","format":"standard","meta":{"footnotes":"","_links_to":"","_links_to_target":""},"categories":[5,20],"tags":[],"class_list":["post-941","post","type-post","status-publish","format-standard","has-post-thumbnail","hentry","category-comunidad","category-transito"],"_links":{"self":[{"href":"https:\/\/chiguayante.cl\/Chgte\/index.php?rest_route=\/wp\/v2\/posts\/941","targetHints":{"allow":["GET"]}}],"collection":[{"href":"https:\/\/chiguayante.cl\/Chgte\/index.php?rest_route=\/wp\/v2\/posts"}],"about":[{"href":"https:\/\/chiguayante.cl\/Chgte\/index.php?rest_route=\/wp\/v2\/types\/post"}],"author":[{"embeddable":true,"href":"https:\/\/chiguayante.cl\/Chgte\/index.php?rest_route=\/wp\/v2\/users\/1"}],"replies":[{"embeddable":true,"href":"https:\/\/chiguayante.cl\/Chgte\/index.php?rest_route=%2Fwp%2Fv2%2Fcomments&post=941"}],"version-history":[{"count":1,"href":"https:\/\/chiguayante.cl\/Chgte\/index.php?rest_route=\/wp\/v2\/posts\/941\/revisions"}],"predecessor-version":[{"id":943,"href":"https:\/\/chiguayante.cl\/Chgte\/index.php?rest_route=\/wp\/v2\/posts\/941\/revisions\/943"}],"wp:featuredmedia":[{"embeddable":true,"href":"https:\/\/chiguayante.cl\/Chgte\/index.php?rest_route=\/wp\/v2\/media\/942"}],"wp:attachment":[{"href":"https:\/\/chiguayante.cl\/Chgte\/index.php?rest_route=%2Fwp%2Fv2%2Fmedia&parent=941"}],"wp:term":[{"taxonomy":"category","embeddable":true,"href":"https:\/\/chiguayante.cl\/Chgte\/index.php?rest_route=%2Fwp%2Fv2%2Fcategories&post=941"},{"taxonomy":"post_tag","embeddable":true,"href":"https:\/\/chiguayante.cl\/Chgte\/index.php?rest_route=%2Fwp%2Fv2%2Ftags&post=941"}],"curies":[{"name":"wp","href":"https:\/\/api.w.org\/{rel}","templated":true}]}}