{"id":1356,"date":"2026-09-01T17:28:06","date_gmt":"2026-09-01T20:28:06","guid":{"rendered":"https:\/\/chiguayante.cl\/Chgte\/?p=1356"},"modified":"2026-09-01T17:28:08","modified_gmt":"2026-09-01T20:28:08","slug":"un-encuentro-entre-generaciones-para-conversar-sobre-la-historia-y-el-futuro-de-chiguayante","status":"publish","type":"post","link":"https:\/\/chiguayante.cl\/Chgte\/?p=1356","title":{"rendered":"Un encuentro entre generaciones para conversar sobre la historia y el futuro de Chiguayante"},"content":{"rendered":"\n<p class=\"wp-block-paragraph\">Un emotivo y enriquecedor espacio de di\u00e1logo vivieron los estudiantes del Taller de Patrimonio Cultural y Natural del Colegio Jos\u00e9 Hip\u00f3lito Salas, quienes participaron en un especial conversatorio junto al alcalde de Chiguayante, Jorge Lozano, y quien fuera durante cuatro per\u00edodos la m\u00e1xima autoridad comunal, el recordado Tom\u00e1s Sol\u00eds Nova.<\/p>\n\n\n\n<p class=\"wp-block-paragraph\">Durante este hist\u00f3rico encuentro, los estudiantes pudieron conocer y conversar sobre distintos aspectos de la historia e identidad de Chiguayante, entre ellos la fundaci\u00f3n del establecimiento del cual don Tom\u00e1s fue profeso el patrimonio cultural y natural, el cuidado del medioambiente y los proyectos que se proyectan para el futuro de la comuna.<\/p>\n\n\n\n<p class=\"wp-block-paragraph\">Para el nonagenario exalcalde, la jornada fue una oportunidad especialmente significativa para reencontrarse con las nuevas generaciones, compartir experiencias y transmitir parte de sus conocimientos e historias vinculadas a Chiguayante.<\/p>\n\n\n\n<p class=\"wp-block-paragraph\">Para los estudiantes, en tanto, fue una instancia privilegiada para escuchar de primera fuente las an\u00e9cdotas y recuerdos de quien fue protagonista de distintos momentos de la historia comunal.<\/p>\n","protected":false},"excerpt":{"rendered":"<p>Un emotivo y enriquecedor espacio de di\u00e1logo vivieron los estudiantes del Taller de Patrimonio Cultural y Natural del Colegio Jos\u00e9 Hip\u00f3lito Salas, quienes participaron en un especial conversatorio junto al alcalde de Chiguayante, Jorge Lozano, y quien fuera durante cuatro per\u00edodos la m\u00e1xima autoridad comunal, el recordado Tom\u00e1s Sol\u00eds Nova. Durante este hist\u00f3rico encuentro, los&#8230;<\/p>\n","protected":false},"author":1,"featured_media":1357,"comment_status":"closed","ping_status":"closed","sticky":false,"template":"","format":"standard","meta":{"footnotes":"","_links_to":"","_links_to_target":""},"categories":[5],"tags":[],"class_list":["post-1356","post","type-post","status-publish","format-standard","has-post-thumbnail","hentry","category-comunidad"],"_links":{"self":[{"href":"https:\/\/chiguayante.cl\/Chgte\/index.php?rest_route=\/wp\/v2\/posts\/1356","targetHints":{"allow":["GET"]}}],"collection":[{"href":"https:\/\/chiguayante.cl\/Chgte\/index.php?rest_route=\/wp\/v2\/posts"}],"about":[{"href":"https:\/\/chiguayante.cl\/Chgte\/index.php?rest_route=\/wp\/v2\/types\/post"}],"author":[{"embeddable":true,"href":"https:\/\/chiguayante.cl\/Chgte\/index.php?rest_route=\/wp\/v2\/users\/1"}],"replies":[{"embeddable":true,"href":"https:\/\/chiguayante.cl\/Chgte\/index.php?rest_route=%2Fwp%2Fv2%2Fcomments&post=1356"}],"version-history":[{"count":1,"href":"https:\/\/chiguayante.cl\/Chgte\/index.php?rest_route=\/wp\/v2\/posts\/1356\/revisions"}],"predecessor-version":[{"id":1358,"href":"https:\/\/chiguayante.cl\/Chgte\/index.php?rest_route=\/wp\/v2\/posts\/1356\/revisions\/1358"}],"wp:featuredmedia":[{"embeddable":true,"href":"https:\/\/chiguayante.cl\/Chgte\/index.php?rest_route=\/wp\/v2\/media\/1357"}],"wp:attachment":[{"href":"https:\/\/chiguayante.cl\/Chgte\/index.php?rest_route=%2Fwp%2Fv2%2Fmedia&parent=1356"}],"wp:term":[{"taxonomy":"category","embeddable":true,"href":"https:\/\/chiguayante.cl\/Chgte\/index.php?rest_route=%2Fwp%2Fv2%2Fcategories&post=1356"},{"taxonomy":"post_tag","embeddable":true,"href":"https:\/\/chiguayante.cl\/Chgte\/index.php?rest_route=%2Fwp%2Fv2%2Ftags&post=1356"}],"curies":[{"name":"wp","href":"https:\/\/api.w.org\/{rel}","templated":true}]}}