{"id":1062,"date":"2026-04-26T22:17:51","date_gmt":"2026-04-27T01:17:51","guid":{"rendered":"https:\/\/chiguayante.cl\/Chgte\/?p=1062"},"modified":"2026-04-26T22:17:51","modified_gmt":"2026-04-27T01:17:51","slug":"musica-y-sabores-de-la-castana-se-toman-el-fin-de-semana-del-gran-concepcion-con-la-fiesta-de-la-castana-de-chiguayante","status":"publish","type":"post","link":"https:\/\/chiguayante.cl\/Chgte\/?p=1062","title":{"rendered":"M\u00fasica y sabores de la casta\u00f1a se toman el fin de semana del Gran Concepci\u00f3n con la Fiesta de la Casta\u00f1a de Chiguayante"},"content":{"rendered":"\n<p>Este viernes se dio inicio a la tradicional y esperada Fiesta de la Casta\u00f1a de Chiguayante, que re\u00fane a emprendedores y a la familia del Gran Concepci\u00f3n en torno a este fruto.<\/p>\n\n\n\n<p>Con la ceremonia inaugural, se dio paso a un fin de semana de celebraci\u00f3n en que se espera recibir a miles de visitantes para que disfruten de preparaciones t\u00edpicas y artesan\u00edas en base a la casta\u00f1a, n\u00fameros art\u00edsticos, concursos gastron\u00f3micos y estelares como Los Pincheira del Sur e Inti Illimani, que estar\u00e1n en el cierre hoy, s\u00e1bado, y el domingo, respectivamente.<\/p>\n\n\n\n<p>En el inicio oficial de esta fiesta participaron autoridades regionales y comunales, que dieron el vamos a una nueva edici\u00f3n de este evento, que re\u00fane variadas presentaciones art\u00edsticas y a 52 puestos, entre stands gastron\u00f3micos, de cerveza artesanal, de artesanos y artesanos gastron\u00f3micos, entre otros.<\/p>\n\n\n\n<p>El alcalde de Chiguayante, Jorge Lozano, encabez\u00f3 el primer d\u00eda de fiesta, e invit\u00f3 a la comunidad a ser parte de esta tradici\u00f3n, momento en que agradeci\u00f3 el apoyo del Gobierno Regional en su financiamiento, a trav\u00e9s del Programa Vive Biob\u00edo.<\/p>\n\n\n\n<p>\u201cEstamos muy felices y agradecemos al Gobierno Regional que financi\u00f3 esta actividad, que los chiguayantinos esperan a\u00f1o a a\u00f1o. La Fiesta de la Casta\u00f1a tiene un reconocimiento comunal y regional y, por qu\u00e9 no decirlo, vamos a esperar que de otras regiones nos visiten.&nbsp; La cantidad de artesan\u00edas y preparaciones que podemos ver y disfrutar es fabulosa y queremos invitarlos a que nos acompa\u00f1en este fin de semana, que vengan a almorzar y disfrutar en familia\u201d, se\u00f1al\u00f3 el alcalde, Jorge Lozano.<\/p>\n\n\n\n<p>El primer d\u00eda, un importante marco de p\u00fablico lleg\u00f3 a la carpa ubicada en el Parque Los Casta\u00f1os, a un costado de la Municipalidad de Chiguayante, para participar de la cita inaugural que tuvo en su cierre al Grupo Zamora y que deleit\u00f3 a los asistentes con sabores en base a este fruto.<\/p>\n\n\n\n<p>\u201cEspectacular, me ha gustado. Quiero felicitar a Fomento Productivo que ha hecho esta actividad, porque todo tiene sabor a casta\u00f1a, la cerveza, la comida, todo. Por eso los invito a que vengan a disfrutar la Fiesta de la Casta\u00f1a de Chiguayante\u201d, coment\u00f3 una asistente.<\/p>\n\n\n\n<p>Este s\u00e1bado y domingo, la carpa abrir\u00e1 a las 12:00 horas para dar inicio a presentaciones art\u00edsticas y, al final de cada d\u00eda, a los n\u00fameros estelares. Cerca de las 20:00 horas subir\u00e1 al escenario Los Pincheira del Sur, mientras que el domingo, a la misma hora, har\u00e1 lo propio Inti Illimani, que cerrar\u00e1 con broche de oro la versi\u00f3n 2026 de esta fiesta de oto\u00f1o del Gran Concepci\u00f3n.<\/p>\n","protected":false},"excerpt":{"rendered":"<p>Este viernes se dio inicio a la tradicional y esperada Fiesta de la Casta\u00f1a de Chiguayante, que re\u00fane a emprendedores y a la familia del Gran Concepci\u00f3n en torno a este fruto. Con la ceremonia inaugural, se dio paso a un fin de semana de celebraci\u00f3n en que se espera recibir a miles de visitantes&#8230;<\/p>\n","protected":false},"author":1,"featured_media":1063,"comment_status":"closed","ping_status":"closed","sticky":false,"template":"","format":"standard","meta":{"footnotes":"","_links_to":"","_links_to_target":""},"categories":[5,22],"tags":[],"class_list":["post-1062","post","type-post","status-publish","format-standard","has-post-thumbnail","hentry","category-comunidad","category-fiesta-de-la-castana"],"_links":{"self":[{"href":"https:\/\/chiguayante.cl\/Chgte\/index.php?rest_route=\/wp\/v2\/posts\/1062","targetHints":{"allow":["GET"]}}],"collection":[{"href":"https:\/\/chiguayante.cl\/Chgte\/index.php?rest_route=\/wp\/v2\/posts"}],"about":[{"href":"https:\/\/chiguayante.cl\/Chgte\/index.php?rest_route=\/wp\/v2\/types\/post"}],"author":[{"embeddable":true,"href":"https:\/\/chiguayante.cl\/Chgte\/index.php?rest_route=\/wp\/v2\/users\/1"}],"replies":[{"embeddable":true,"href":"https:\/\/chiguayante.cl\/Chgte\/index.php?rest_route=%2Fwp%2Fv2%2Fcomments&post=1062"}],"version-history":[{"count":1,"href":"https:\/\/chiguayante.cl\/Chgte\/index.php?rest_route=\/wp\/v2\/posts\/1062\/revisions"}],"predecessor-version":[{"id":1064,"href":"https:\/\/chiguayante.cl\/Chgte\/index.php?rest_route=\/wp\/v2\/posts\/1062\/revisions\/1064"}],"wp:featuredmedia":[{"embeddable":true,"href":"https:\/\/chiguayante.cl\/Chgte\/index.php?rest_route=\/wp\/v2\/media\/1063"}],"wp:attachment":[{"href":"https:\/\/chiguayante.cl\/Chgte\/index.php?rest_route=%2Fwp%2Fv2%2Fmedia&parent=1062"}],"wp:term":[{"taxonomy":"category","embeddable":true,"href":"https:\/\/chiguayante.cl\/Chgte\/index.php?rest_route=%2Fwp%2Fv2%2Fcategories&post=1062"},{"taxonomy":"post_tag","embeddable":true,"href":"https:\/\/chiguayante.cl\/Chgte\/index.php?rest_route=%2Fwp%2Fv2%2Ftags&post=1062"}],"curies":[{"name":"wp","href":"https:\/\/api.w.org\/{rel}","templated":true}]}}