{"id":1057,"date":"2026-04-26T22:16:09","date_gmt":"2026-04-27T01:16:09","guid":{"rendered":"https:\/\/chiguayante.cl\/Chgte\/?p=1057"},"modified":"2026-04-26T22:16:10","modified_gmt":"2026-04-27T01:16:10","slug":"renovada-gastronomia-y-estelares-de-lujo-prometen-un-fin-de-semana-a-lleno-total-en-la-fiesta-de-la-castana-de-chiguayante","status":"publish","type":"post","link":"https:\/\/chiguayante.cl\/Chgte\/?p=1057","title":{"rendered":"Renovada gastronom\u00eda y estelares de lujo prometen un fin de semana a lleno total en la Fiesta de la Casta\u00f1a de Chiguayante"},"content":{"rendered":"\n<p>&nbsp;Con un cordero asado al estilo magall\u00e1nico, platos criollos con toques de casta\u00f1a y diversas artesan\u00edas y preparaciones en base a este fruto, Chiguayante celebrar\u00e1 una nueva versi\u00f3n de la esperada Fiesta de la Casta\u00f1a, que se realizar\u00e1 del 24 al 26 de abril, en el Parque Los Casta\u00f1os, a un costado de la Municipalidad de Chiguayante.<\/p>\n\n\n\n<figure class=\"wp-block-image size-large\"><img loading=\"lazy\" decoding=\"async\" width=\"1024\" height=\"684\" src=\"https:\/\/chiguayante.cl\/Chgte\/wp-content\/uploads\/2026\/04\/Fiesta-de-la-Castana-1024x684.jpeg\" alt=\"\" class=\"wp-image-1059\" srcset=\"https:\/\/chiguayante.cl\/Chgte\/wp-content\/uploads\/2026\/04\/Fiesta-de-la-Castana-1024x684.jpeg 1024w, https:\/\/chiguayante.cl\/Chgte\/wp-content\/uploads\/2026\/04\/Fiesta-de-la-Castana-300x200.jpeg 300w, https:\/\/chiguayante.cl\/Chgte\/wp-content\/uploads\/2026\/04\/Fiesta-de-la-Castana-768x513.jpeg 768w, https:\/\/chiguayante.cl\/Chgte\/wp-content\/uploads\/2026\/04\/Fiesta-de-la-Castana-1536x1026.jpeg 1536w, https:\/\/chiguayante.cl\/Chgte\/wp-content\/uploads\/2026\/04\/Fiesta-de-la-Castana-600x400.jpeg 600w, https:\/\/chiguayante.cl\/Chgte\/wp-content\/uploads\/2026\/04\/Fiesta-de-la-Castana.jpeg 1600w\" sizes=\"auto, (max-width: 1024px) 100vw, 1024px\" \/><\/figure>\n\n\n\n<p>Esta tradicional fiesta de oto\u00f1o promete sorprender a miles de visitantes con la disposici\u00f3n de una gran variedad de almuerzos t\u00edpicos, adem\u00e1s de 52 stands y espacios para presentaciones art\u00edsticas, concursos gastron\u00f3micos y destacados estelares como Grupo Zamora, Los Pincheira del Sur e Inti Illimani.<\/p>\n\n\n\n<p>\u201cLa Fiesta de la Casta\u00f1a es una fiesta familiar, que genera unidad y tiene un realce provincial y regional. Por eso invitamos a que sean parte de ella, porque encontrar\u00e1n mucha calidad e innovaciones, adem\u00e1s de estelares de renombre\u201d, coment\u00f3 el alcalde de Chiguayante, Jorge Lozano.<\/p>\n\n\n\n<figure class=\"wp-block-image size-large\"><img loading=\"lazy\" decoding=\"async\" width=\"1024\" height=\"682\" src=\"https:\/\/chiguayante.cl\/Chgte\/wp-content\/uploads\/2026\/04\/Fiesta-de-la-Castana-2-1-1024x682.jpeg\" alt=\"\" class=\"wp-image-1060\" srcset=\"https:\/\/chiguayante.cl\/Chgte\/wp-content\/uploads\/2026\/04\/Fiesta-de-la-Castana-2-1-1024x682.jpeg 1024w, https:\/\/chiguayante.cl\/Chgte\/wp-content\/uploads\/2026\/04\/Fiesta-de-la-Castana-2-1-300x200.jpeg 300w, https:\/\/chiguayante.cl\/Chgte\/wp-content\/uploads\/2026\/04\/Fiesta-de-la-Castana-2-1-768x512.jpeg 768w, https:\/\/chiguayante.cl\/Chgte\/wp-content\/uploads\/2026\/04\/Fiesta-de-la-Castana-2-1-1536x1023.jpeg 1536w, https:\/\/chiguayante.cl\/Chgte\/wp-content\/uploads\/2026\/04\/Fiesta-de-la-Castana-2-1-820x545.jpeg 820w, https:\/\/chiguayante.cl\/Chgte\/wp-content\/uploads\/2026\/04\/Fiesta-de-la-Castana-2-1-600x400.jpeg 600w, https:\/\/chiguayante.cl\/Chgte\/wp-content\/uploads\/2026\/04\/Fiesta-de-la-Castana-2-1.jpeg 1600w\" sizes=\"auto, (max-width: 1024px) 100vw, 1024px\" \/><\/figure>\n\n\n\n<p>La inauguraci\u00f3n de este evento ser\u00e1 este viernes, a las 17:00 horas, sin embargo, la carpa estar\u00e1 abierta desde las 14:00 horas. El s\u00e1bado y domingo, en tanto, su apertura est\u00e1 programada a las 12:00 horas para recibir con exclusivas preparaciones a quienes lleguen a disfrutar de los 8 puestos gastron\u00f3micos, de los 2 stands de cerveza artesanal y de los 15 puestos de artesanos y artesanos gastron\u00f3micos.<\/p>\n\n\n\n<p>Tambi\u00e9n en el exterior del recinto habr\u00e1 opciones con la instalaci\u00f3n de 8 emprendedores de productos en general, 8 food truck y 11 carros de juegos t\u00edpicos.<\/p>\n\n\n\n<p>En cuanto a los n\u00fameros art\u00edsticos, durante toda la tarde, se presentar\u00e1n conjuntos folcl\u00f3ricos que dar\u00e1n paso a los estelares de cada jornada. El viernes, cerca de las 20:00 horas, subir\u00e1 al escenario el Grupo Zamora; mientras que el s\u00e1bado y domingo, a la misma hora, har\u00e1 lo propio Los Pincheira del Sur e Inti Illimani, respectivamente.<\/p>\n\n\n\n<p>De acuerdo a lo se\u00f1alado por el alcalde, Jorge Lozano, esta versi\u00f3n tambi\u00e9n marca un hito institucional, ya que por primera vez la Municipalidad de Chiguayante postul\u00f3 al Programa Vive Biob\u00edo, del Gobierno Regional, en b\u00fasqueda de financiamiento para su realizaci\u00f3n. Ello permiti\u00f3 una gesti\u00f3n de recursos m\u00e1s eficiente, considerando las necesidades y demandas presentes en la comuna.<\/p>\n","protected":false},"excerpt":{"rendered":"<p>&nbsp;Con un cordero asado al estilo magall\u00e1nico, platos criollos con toques de casta\u00f1a y diversas artesan\u00edas y preparaciones en base a este fruto, Chiguayante celebrar\u00e1 una nueva versi\u00f3n de la esperada Fiesta de la Casta\u00f1a, que se realizar\u00e1 del 24 al 26 de abril, en el Parque Los Casta\u00f1os, a un costado de la Municipalidad&#8230;<\/p>\n","protected":false},"author":1,"featured_media":1058,"comment_status":"closed","ping_status":"closed","sticky":false,"template":"","format":"standard","meta":{"footnotes":"","_links_to":"","_links_to_target":""},"categories":[5,22],"tags":[],"class_list":["post-1057","post","type-post","status-publish","format-standard","has-post-thumbnail","hentry","category-comunidad","category-fiesta-de-la-castana"],"_links":{"self":[{"href":"https:\/\/chiguayante.cl\/Chgte\/index.php?rest_route=\/wp\/v2\/posts\/1057","targetHints":{"allow":["GET"]}}],"collection":[{"href":"https:\/\/chiguayante.cl\/Chgte\/index.php?rest_route=\/wp\/v2\/posts"}],"about":[{"href":"https:\/\/chiguayante.cl\/Chgte\/index.php?rest_route=\/wp\/v2\/types\/post"}],"author":[{"embeddable":true,"href":"https:\/\/chiguayante.cl\/Chgte\/index.php?rest_route=\/wp\/v2\/users\/1"}],"replies":[{"embeddable":true,"href":"https:\/\/chiguayante.cl\/Chgte\/index.php?rest_route=%2Fwp%2Fv2%2Fcomments&post=1057"}],"version-history":[{"count":1,"href":"https:\/\/chiguayante.cl\/Chgte\/index.php?rest_route=\/wp\/v2\/posts\/1057\/revisions"}],"predecessor-version":[{"id":1061,"href":"https:\/\/chiguayante.cl\/Chgte\/index.php?rest_route=\/wp\/v2\/posts\/1057\/revisions\/1061"}],"wp:featuredmedia":[{"embeddable":true,"href":"https:\/\/chiguayante.cl\/Chgte\/index.php?rest_route=\/wp\/v2\/media\/1058"}],"wp:attachment":[{"href":"https:\/\/chiguayante.cl\/Chgte\/index.php?rest_route=%2Fwp%2Fv2%2Fmedia&parent=1057"}],"wp:term":[{"taxonomy":"category","embeddable":true,"href":"https:\/\/chiguayante.cl\/Chgte\/index.php?rest_route=%2Fwp%2Fv2%2Fcategories&post=1057"},{"taxonomy":"post_tag","embeddable":true,"href":"https:\/\/chiguayante.cl\/Chgte\/index.php?rest_route=%2Fwp%2Fv2%2Ftags&post=1057"}],"curies":[{"name":"wp","href":"https:\/\/api.w.org\/{rel}","templated":true}]}}